[{"@context":"https:\/\/schema.org\/","@type":"Article","@id":"https:\/\/www.liany.cz\/prace-uklizecek\/#Article","mainEntityOfPage":"https:\/\/www.liany.cz\/prace-uklizecek\/","headline":"Pr\u00e1ce ukl\u00edze\u010dek.","name":"Pr\u00e1ce ukl\u00edze\u010dek.","description":"U\u017e jste n\u011bkdy p\u0159em\u00fd\u0161leli nad prac\u00ed ukl\u00edze\u010dky, kter\u00e1 pracuje ve firmy, kde se ukl\u00edzej\u00ed velk\u00e9 prostorn\u00e9 kancel\u00e1\u0159e, drah\u00e9 vily a v\u00fdznamn\u00e9 prostory? \u0158\u00edk\u00e1te, \u017ee je to pod va\u0161i \u00farove\u0148. Nen\u00ed to tak, za pr\u00e1ci ukl\u00edze\u010dky se nikdo nemus\u00ed styd\u011bt. Nen\u00ed to nejl\u00e9pe placen\u00e1 pr\u00e1ce, ale spousta lid\u00ed a firem by se bez takov\u00fdch lid\u00ed nikdy [&hellip;]","datePublished":"2023-10-15","dateModified":"2023-11-25","author":{"@type":"Person","@id":"https:\/\/www.liany.cz\/author\/#Person","name":"","url":"https:\/\/www.liany.cz\/author\/","identifier":1,"image":{"@type":"ImageObject","@id":"https:\/\/secure.gravatar.com\/avatar\/3064f57e4a87acc15ee08ce03d01afdc2a328e3d2da280f2bcfaabcbd486d62e?s=96&d=mm&r=g","url":"https:\/\/secure.gravatar.com\/avatar\/3064f57e4a87acc15ee08ce03d01afdc2a328e3d2da280f2bcfaabcbd486d62e?s=96&d=mm&r=g","height":96,"width":96}},"publisher":{"@type":"Organization","name":"liany.cz","logo":{"@type":"ImageObject","@id":"\/logo.png","url":"\/logo.png","width":600,"height":60}},"image":{"@type":"ImageObject","@id":"https:\/\/www.liany.cz\/wp-content\/uploads\/pexels-marc-mueller-380768_1.jpg","url":"https:\/\/www.liany.cz\/wp-content\/uploads\/pexels-marc-mueller-380768_1.jpg","height":0,"width":0},"url":"https:\/\/www.liany.cz\/prace-uklizecek\/","about":["Byznys"],"wordCount":434,"articleBody":"   U\u017e jste n\u011bkdy p\u0159em\u00fd\u0161leli nad prac\u00ed ukl\u00edze\u010dky, kter\u00e1 pracuje ve firmy, kde se ukl\u00edzej\u00ed velk\u00e9 prostorn\u00e9 kancel\u00e1\u0159e, drah\u00e9 vily a v\u00fdznamn\u00e9 prostory? \u0158\u00edk\u00e1te, \u017ee je to pod va\u0161i \u00farove\u0148. Nen\u00ed to tak, za pr\u00e1ci ukl\u00edze\u010dky se nikdo nemus\u00ed styd\u011bt. Nen\u00ed to nejl\u00e9pe placen\u00e1 pr\u00e1ce, ale spousta lid\u00ed a firem by se bez takov\u00fdch lid\u00ed nikdy neobe\u0161li. Je to t\u011b\u017ek\u00e1 pr\u00e1ce, proto\u017ee je na n\u00ed kladen velk\u00fd d\u016fraz. Pr\u00e1ce se projev\u00ed na spokojenosti z\u00e1kazn\u00edku a na dal\u0161\u00edch zak\u00e1zk\u00e1ch. Proto ji mus\u00ed ka\u017ed\u00e1 osoba, kter\u00e1 je najata na tento post, vykon\u00e1vat zodpov\u011bdn\u011b a s kur\u00e1\u017e\u00ed. P\u0159ece jenom to nen\u00ed jednoduch\u00e1 pr\u00e1ce.Za\u010d\u00edn\u00e1te brzo r\u00e1no, proto\u017ee n\u011bkter\u00e9 firmy vy\u017eaduj\u00ed \u00faklid, je\u0161t\u011b ne\u017e za\u010dnou fungovat, a kdy\u017e se za\u010d\u00edn\u00e1 nap\u0159\u00edklad na sedmou hodinu, va\u0161e pracovn\u00ed doba za\u010d\u00edn\u00e1 daleko d\u0159\u00edve. M\u016f\u017ee se jednat nap\u0159\u00edklad u\u017e o hodinu p\u00e1tou nebo \u0161estou. Co\u017e je podstatn\u011b dost brzo. Mezi t\u00edm m\u016f\u017eete p\u0159ejet na dal\u0161\u00ed a dal\u0161\u00ed pracovi\u0161t\u011b podle toho kolik jich dan\u00fd den m\u00e1te napl\u00e1novan\u00fdch. \u00daklid kancel\u00e1\u0159\u00ed zahrnuje ve\u0161ker\u00e9 pr\u00e1ce, kter\u00e9 m\u00e1te s danou firmou sepsan\u00e9 a domluven\u00e9. Ve v\u011bt\u0161in\u011b p\u0159\u00edpad\u016f se jedn\u00e1 o \u00faklid v\u0161ech podlahov\u00fdch prostor\u016f, a\u0165 u\u017e je na zemi omyvateln\u00fd  povrch h nebo koberce. Koberce mus\u00edte vys\u00e1t a omyvateln\u00e9 plochy zam\u00e9st a potom um\u00fdt, aby byli \u010dist\u00e9.Pak se jedn\u00e1 o vynesen\u00ed v\u0161ech odpadkov\u00fdch ko\u0161\u016f, kter\u00e9 jsou v kancel\u00e1\u0159\u00edch. Co\u017e bude as spousty, proto\u017ee u ka\u017ed\u00e9ho stolu b\u00fdv\u00e1 alespo\u0148 jeden odpadkov\u00fd ko\u0161. V n\u011bkter\u00fdch nemus\u00ed b\u00fdt nic, ale v jin\u00fdch m\u016f\u017ee b\u00fdt spousta odpadk\u016f. D\u00e1le se jedn\u00e1 o \u00faklid spole\u010densk\u00fdch m\u00edstnost\u00ed, jako jsou kuchy\u0148sk\u00e9 a soci\u00e1ln\u00ed prostory nebo m\u00edsta pro spole\u010dn\u00e9 sch\u016fze pro ur\u010dit\u00e1 jedn\u00e1n\u00ed. V\u0161echno mus\u00ed b\u00fdt \u010dist\u00e9 a hygienicky o\u0161et\u0159en\u00e9. Nap\u0159\u00edklad takov\u00e9 toalety a m\u00edsto u umyvadel mus\u00ed b\u00fdt \u010dist\u00fd. \u00daklid kancel\u00e1\u0159\u00ed je proto dost n\u00e1ro\u010dn\u00fd a nemohla by ho d\u011blat pouze jedna osoba, v\u011bt\u0161inou je na kancel\u00e1\u0159 povol\u00e1n hned cel\u00fd \u00faklidov\u00fd t\u00fdm, kter\u00fd je rozd\u011blen a ka\u017ed\u00fd m\u00e1 za \u00fakol \u00faklid n\u011b\u010deho jin\u00e9ho. Vz\u00e1jemn\u011b se dopl\u0148uj\u00ed a zajist\u00ed komplexn\u00ed pr\u00e1ci.                                                                                                                                                                                                                                                                                                                                                                                          3.8\/5 - (5 votes)        "},{"@context":"https:\/\/schema.org\/","@type":"BreadcrumbList","itemListElement":[{"@type":"ListItem","position":1,"name":"Pr\u00e1ce ukl\u00edze\u010dek.","item":"https:\/\/www.liany.cz\/prace-uklizecek\/#breadcrumbitem"}]}]