[{"@context":"https:\/\/schema.org\/","@type":"Article","@id":"https:\/\/www.liany.cz\/mate-v-detskej-izbe-malo-miesta-mame-pre-vas-riesenie\/#Article","mainEntityOfPage":"https:\/\/www.liany.cz\/mate-v-detskej-izbe-malo-miesta-mame-pre-vas-riesenie\/","headline":"M\u00e1te v detskej izbe m\u00e1lo miesta? M\u00e1me pre V\u00e1s rie\u0161enie","name":"M\u00e1te v detskej izbe m\u00e1lo miesta? M\u00e1me pre V\u00e1s rie\u0161enie","description":"A t\u00fdm je jednozna\u010dne poschodova postel. Dve ved\u013ea seba nielen, \u017ee zaberaj\u00fa ve\u013emi ve\u013ea osobn\u00e9ho priestoru, ale z\u00e1rove\u0148 to m\u00f4\u017ee de\u0165om pripada\u0165 nudn\u00e9. Okrem toho, priznajme si, v\u0161ak ste po nej aj Vy t\u00fa\u017eili, ke\u010f ste boli mal\u00ed? So s\u00farodencom ste si predstavovali, ak\u00e9 by to bolo perfektn\u00e9 ma\u0165 ju v izbe a stv\u00e1ra\u0165 r\u00f4zne [&hellip;]","datePublished":"2025-01-09","dateModified":"2025-01-09","author":{"@type":"Person","@id":"https:\/\/www.liany.cz\/author\/#Person","name":"","url":"https:\/\/www.liany.cz\/author\/","identifier":1,"image":{"@type":"ImageObject","@id":"https:\/\/secure.gravatar.com\/avatar\/3064f57e4a87acc15ee08ce03d01afdc2a328e3d2da280f2bcfaabcbd486d62e?s=96&d=mm&r=g","url":"https:\/\/secure.gravatar.com\/avatar\/3064f57e4a87acc15ee08ce03d01afdc2a328e3d2da280f2bcfaabcbd486d62e?s=96&d=mm&r=g","height":96,"width":96}},"publisher":{"@type":"Organization","name":"liany.cz","logo":{"@type":"ImageObject","@id":"\/logo.png","url":"\/logo.png","width":600,"height":60}},"url":"https:\/\/www.liany.cz\/mate-v-detskej-izbe-malo-miesta-mame-pre-vas-riesenie\/","wordCount":216,"articleBody":"A t\u00fdm je jednozna\u010dne poschodova postel. Dve ved\u013ea seba nielen, \u017ee zaberaj\u00fa ve\u013emi ve\u013ea osobn\u00e9ho priestoru, ale z\u00e1rove\u0148 to m\u00f4\u017ee de\u0165om pripada\u0165 nudn\u00e9. Okrem toho, priznajme si, v\u0161ak ste po nej aj Vy t\u00fa\u017eili, ke\u010f ste boli mal\u00ed? So s\u00farodencom ste si predstavovali, ak\u00e9 by to bolo perfektn\u00e9 ma\u0165 ju v izbe a stv\u00e1ra\u0165 r\u00f4zne bl\u00e1znovstv\u00e1. Doprajte to Va\u0161im de\u0165om.Teraz m\u00f4\u017eu stava\u0165 bunkre a vym\u00fd\u0161\u013ea\u0165 r\u00f4zne hry. Ich izba sa navy\u0161e aj tro\u0161ku ovzdu\u0161n\u00ed a ony bud\u00fa ma\u0165 ve\u013ea priestoru na sebarealiz\u00e1ciu. R\u00f4zne farby a prevedenia Poschodova postel nemus\u00ed by\u0165 len t\u00e1 klasick\u00e1, ako si ju pam\u00e4t\u00e1me, zb\u00fachan\u00e1 z p\u00e1r dosiek a tak\u00e1 rozhegan\u00e1, a\u017e sme sa ve\u013ea r\u00e1z b\u00e1li, \u017ee sa zr\u00fati aj s nami. U n\u00e1s m\u00e1te mo\u017enos\u0165 vybra\u0165 si hne\u010f z nieko\u013ek\u00fdch farieb a preveden\u00ed, z\u00e1le\u017e\u00ed len na Va\u0161om vkuse a na \u0161t\u00fdle detskej izby. Pre dvoch mal\u00fdch chalanov sa ur\u010dite najviac hod\u00ed modr\u00e1, pre diev\u010datk\u00e1 zase ru\u017eov\u00e1, no v ponuke m\u00e1me aj neutr\u00e1lne odtiene, ktor\u00e9 sa hodia ku ka\u017edej izbe.                                                                                                                                                                                                                                                                                                                                                                                        4.8\/5 - (5 votes)        "},{"@context":"https:\/\/schema.org\/","@type":"BreadcrumbList","itemListElement":[{"@type":"ListItem","position":1,"name":"M\u00e1te v detskej izbe m\u00e1lo miesta? M\u00e1me pre V\u00e1s rie\u0161enie","item":"https:\/\/www.liany.cz\/mate-v-detskej-izbe-malo-miesta-mame-pre-vas-riesenie\/#breadcrumbitem"}]}]