[{"@context":"https:\/\/schema.org\/","@type":"Article","@id":"https:\/\/www.liany.cz\/co-je-v-dome-neni-pro-me\/#Article","mainEntityOfPage":"https:\/\/www.liany.cz\/co-je-v-dome-neni-pro-me\/","headline":"Co je v dom\u011b, nen\u00ed pro m\u011b","name":"Co je v dom\u011b, nen\u00ed pro m\u011b","description":"Tak tato v\u011bta se pou\u017e\u00edv\u00e1 p\u0159edev\u0161\u00edm v oblasti vztah\u016f. \u0160\u00e9f a sekret\u00e1\u0159ka, str\u00fdc s teti\u010dkou z druh\u00e9 strany a tak d\u00e1le. P\u0159evedeme-li ale tuto v\u011btu do oblasti bydlen\u00ed, m\u00e1 to trochu jin\u00fd v\u00fdznam. P\u0159esto bychom styl bydlen\u00ed na\u0161ich rodi\u010d\u016f, a to i v p\u0159\u00edpad\u011b, \u017ee s nimi sd\u00edl\u00edme spole\u010dn\u00fd d\u016fm, nem\u011bli zatracovat, nikdy toti\u017e nev\u00edme, [&hellip;]","datePublished":"2025-03-14","dateModified":"2025-03-14","author":{"@type":"Person","@id":"https:\/\/www.liany.cz\/author\/#Person","name":"","url":"https:\/\/www.liany.cz\/author\/","identifier":1,"image":{"@type":"ImageObject","@id":"https:\/\/secure.gravatar.com\/avatar\/3064f57e4a87acc15ee08ce03d01afdc2a328e3d2da280f2bcfaabcbd486d62e?s=96&d=mm&r=g","url":"https:\/\/secure.gravatar.com\/avatar\/3064f57e4a87acc15ee08ce03d01afdc2a328e3d2da280f2bcfaabcbd486d62e?s=96&d=mm&r=g","height":96,"width":96}},"publisher":{"@type":"Organization","name":"liany.cz","logo":{"@type":"ImageObject","@id":"\/logo.png","url":"\/logo.png","width":600,"height":60}},"url":"https:\/\/www.liany.cz\/co-je-v-dome-neni-pro-me\/","wordCount":208,"articleBody":"Tak tato v\u011bta se pou\u017e\u00edv\u00e1 p\u0159edev\u0161\u00edm v oblasti vztah\u016f. \u0160\u00e9f a sekret\u00e1\u0159ka, str\u00fdc s teti\u010dkou z druh\u00e9 strany a tak d\u00e1le. P\u0159evedeme-li ale tuto v\u011btu do oblasti bydlen\u00ed, m\u00e1 to trochu jin\u00fd v\u00fdznam. P\u0159esto bychom styl bydlen\u00ed na\u0161ich rodi\u010d\u016f, a to i v p\u0159\u00edpad\u011b, \u017ee s nimi sd\u00edl\u00edme spole\u010dn\u00fd d\u016fm, nem\u011bli zatracovat, nikdy toti\u017e nev\u00edme, jestli se za rok \u010di dva nevr\u00e1t\u00ed zp\u00e1tky do m\u00f3dy.Ani ne tak u bydlen\u00ed, ale u od\u00edv\u00e1n\u00ed to plat\u00ed stoprocentn\u011b, st\u00e1le se opakuje, jen se kousky vylep\u0161uj\u00ed a p\u0159ed\u011bl\u00e1vaj\u00ed, tak kdo m\u016f\u017ee vylou\u010dit to, \u017ee se bude vracet i vy\u0159ez\u00e1van\u00fd n\u00e1bytek?Hrn\u00ed\u010dky a tal\u00ed\u0159ky Je pravdou, \u017ee nap\u0159\u00edklad typick\u00fd \u201ecibul\u00e1k\u201c, je opravdu lib\u016fstkou sp\u00ed\u0161e star\u0161\u00ed generace, ale takov\u00fd oby\u010dejn\u00fd, jednobarevn\u00fd hrn\u00ed\u010dek, \u010di d\u0159ev\u011bn\u00e9 prk\u00fdnko, to v\u0161e m\u016f\u017eete klidn\u011b doma ponechat. Nemus\u00edte se b\u00e1t, \u017ee v\u00e1m to nebude ladit ve va\u0161\u00ed modern\u00ed kuchyni na m\u00edru. Naopak, nejen, \u017ee se budou kr\u00e1sn\u011b vyj\u00edmat, ale skv\u011ble tam padnou!                                                                                                                                                                                                                                                                                                                                                                                        2\/5 - (1 vote)        "},{"@context":"https:\/\/schema.org\/","@type":"BreadcrumbList","itemListElement":[{"@type":"ListItem","position":1,"name":"Co je v dom\u011b, nen\u00ed pro m\u011b","item":"https:\/\/www.liany.cz\/co-je-v-dome-neni-pro-me\/#breadcrumbitem"}]}]